{"id":2728,"date":"2022-05-17T19:46:00","date_gmt":"2022-05-17T17:46:00","guid":{"rendered":"http:\/\/www.struzz.com\/?p=2728"},"modified":"2022-11-16T19:57:41","modified_gmt":"2022-11-16T17:57:41","slug":"textures-ateliers-a-albi","status":"publish","type":"post","link":"https:\/\/www.struzz.com\/?p=2728","title":{"rendered":"Texture(s) | Ateliers \u00e0 Albi"},"content":{"rendered":"\t\t<div data-elementor-type=\"wp-post\" data-elementor-id=\"2728\" class=\"elementor elementor-2728\" data-elementor-post-type=\"post\">\n\t\t\t\t\t\t<section class=\"elementor-section elementor-top-section elementor-element elementor-element-416875d elementor-section-boxed elementor-section-height-default elementor-section-height-default jltma-glass-effect-no\" data-id=\"416875d\" data-element_type=\"section\" data-e-type=\"section\">\n\t\t\t\t\t\t<div class=\"elementor-container elementor-column-gap-default\">\n\t\t\t\t\t<div class=\"elementor-column elementor-col-100 elementor-top-column elementor-element elementor-element-62eb845 jltma-glass-effect-no\" data-id=\"62eb845\" data-element_type=\"column\" data-e-type=\"column\">\n\t\t\t<div class=\"elementor-widget-wrap elementor-element-populated\">\n\t\t\t\t\t\t<div class=\"elementor-element elementor-element-f754d1c jltma-glass-effect-no elementor-widget elementor-widget-text-editor\" data-id=\"f754d1c\" data-element_type=\"widget\" data-e-type=\"widget\" data-widget_type=\"text-editor.default\">\n\t\t\t\t<div class=\"elementor-widget-container\">\n\t\t\t\t\t\t\t\t\t<p>Le projet Texture(s) avec Jean-Christophe No\u00ebl rebondit au G.M.E.A. Centre National de Cr\u00e9ation Musicale d&rsquo;Albi, pour des ateliers de pr\u00e9sentation de notre travail aupr\u00e8s de plusieurs groupes de scolaires.<\/p>\n<p>http:\/\/gmea.net\/evenement\/texture-s<\/p>\n<p>Les 17 et 18 mai 2022<\/p>\t\t\t\t\t\t\t\t<\/div>\n\t\t\t\t<\/div>\n\t\t\t\t\t<\/div>\n\t\t<\/div>\n\t\t\t\t\t<\/div>\n\t\t<\/section>\n\t\t\t\t<\/div>\n\t\t","protected":false},"excerpt":{"rendered":"<p>Le projet Texture(s) avec Jean-Christophe No\u00ebl rebondit au G.M.E.A. Centre National de Cr\u00e9ation Musicale d&rsquo;Albi,&hellip;<\/p>\n","protected":false},"author":1,"featured_media":2730,"comment_status":"closed","ping_status":"closed","sticky":false,"template":"","format":"standard","meta":{"saved_in_kubio":false,"footnotes":""},"categories":[116,4],"tags":[111,8,100,86,68],"class_list":["post-2728","post","type-post","status-publish","format-standard","has-post-thumbnail","hentry","category-116","category-dates","tag-batterie-augmentee","tag-francois-donato","tag-jean-christophe-noel","tag-live-electronics","tag-performance"],"_links":{"self":[{"href":"https:\/\/www.struzz.com\/index.php?rest_route=\/wp\/v2\/posts\/2728","targetHints":{"allow":["GET"]}}],"collection":[{"href":"https:\/\/www.struzz.com\/index.php?rest_route=\/wp\/v2\/posts"}],"about":[{"href":"https:\/\/www.struzz.com\/index.php?rest_route=\/wp\/v2\/types\/post"}],"author":[{"embeddable":true,"href":"https:\/\/www.struzz.com\/index.php?rest_route=\/wp\/v2\/users\/1"}],"replies":[{"embeddable":true,"href":"https:\/\/www.struzz.com\/index.php?rest_route=%2Fwp%2Fv2%2Fcomments&post=2728"}],"version-history":[{"count":4,"href":"https:\/\/www.struzz.com\/index.php?rest_route=\/wp\/v2\/posts\/2728\/revisions"}],"predecessor-version":[{"id":2736,"href":"https:\/\/www.struzz.com\/index.php?rest_route=\/wp\/v2\/posts\/2728\/revisions\/2736"}],"wp:featuredmedia":[{"embeddable":true,"href":"https:\/\/www.struzz.com\/index.php?rest_route=\/wp\/v2\/media\/2730"}],"wp:attachment":[{"href":"https:\/\/www.struzz.com\/index.php?rest_route=%2Fwp%2Fv2%2Fmedia&parent=2728"}],"wp:term":[{"taxonomy":"category","embeddable":true,"href":"https:\/\/www.struzz.com\/index.php?rest_route=%2Fwp%2Fv2%2Fcategories&post=2728"},{"taxonomy":"post_tag","embeddable":true,"href":"https:\/\/www.struzz.com\/index.php?rest_route=%2Fwp%2Fv2%2Ftags&post=2728"}],"curies":[{"name":"wp","href":"https:\/\/api.w.org\/{rel}","templated":true}]}}